{"id":2803,"date":"2020-03-04T13:51:33","date_gmt":"2020-03-04T11:51:33","guid":{"rendered":"http:\/\/xarxamaimes.org\/viii-trobada-de-joves-tona-24-dabril\/"},"modified":"2025-12-17T18:51:18","modified_gmt":"2025-12-17T16:51:18","slug":"viii-trobada-de-joves-tona-24-dabril","status":"publish","type":"post","link":"https:\/\/xarxamaimes.org\/es\/viii-trobada-de-joves-tona-24-dabril\/","title":{"rendered":"VIII Encuentro de j\u00f3venes. Tona, 24 de abril"},"content":{"rendered":"<p>Estimadas y estimados,<\/p>\n<p>Como ya hemos ido comentando con muchos de vosotros, desde la Amical de Mauthausen, el Ayuntamiento y el Instituto de Tona, estamos preparando el VIII Encuentro de alumnos de la Red de Memoria y Prevenci\u00f3n del Fascismo, prevista para el viernes 24 de abril por la ma\u00f1ana. Y tal como se acord\u00f3 en el \u00faltimo Encuentro en Sant Boi de Llobregat, este a\u00f1o tendr\u00e1 lugar en el municipio de Tona, en diferentes espacios de la ciudad y con el acto central en el Auditorio de La Canal.<\/p>\n<p>Despu\u00e9s de los Encuentros de j\u00f3venes en Vilanova y la Geltr\u00fa, Santa Coloma de Gramenet, el Parlamento de Catalu\u00f1a, Manresa, Gav\u00e0, Sabadell y Sant Boi, y una vez consolidada ya esta jornada juvenil de la Red Nunca M\u00e1s, seguimos trabajando para que este encuentro, adem\u00e1s de ser el punto de relaci\u00f3n y contacto entre todos los hombres y mujeres que participan con nosotros de los diferentes proyectos de memoria, sea tambi\u00e9n un espacio de encuentro y \u00ab<strong>intercambio de experiencias art\u00edsticas y reflexiones alrededor del Exilio y la deportaci\u00f3n los Campos Nazis.<\/strong>\u00bb<\/p>\n<p>El encuentro, como en las otras ocasiones, nos permitir\u00e1 seguir avanzando en la coordinaci\u00f3n y la expansi\u00f3n de la Red de Memoria y de Prevenci\u00f3n del Fascismo tanto en el \u00e1mbito docente como entre la juventud. Adem\u00e1s continuaremos con el intercambio de experiencias de las actividades desarrolladas en los centros educativos como de los viajes a los campos y seguiremos el trabajo a partir de las experiencias art\u00edsticas, reflexionando sobre la situaci\u00f3n actual en Europa y el rebrote de los partidos neonazis.<\/p>\n<p>Este a\u00f1o tendr\u00e1 un especial significado ya que este 2020 se cumplen 75 a\u00f1os de la liberaci\u00f3n de los campos, y esta fecha emblem\u00e1tica, ser\u00e1 el eje tem\u00e1tico y emotivo de esta 8\u00aa Encuentro de la Red.<\/p>\n<p>Os adjuntamos una propuesta inicial de programa, que en breve concretaremos con actividades, protagonistas y horarios m\u00e1s definidos.<\/p>\n<p>Os rogamos nos hag\u00e1is saber vuestra disponibilidad a participar de este encuentro.<\/p>\n<p>Cordialmente<\/p>\n","protected":false},"excerpt":{"rendered":"<p>Estimadas y estimados, Como ya hemos ido comentando con muchos de vosotros, desde la Amical de Mauthausen, el Ayuntamiento y el Instituto de Tona, estamos preparando el VIII Encuentro de alumnos de la Red de Memoria y Prevenci\u00f3n del Fascismo, prevista para el viernes 24 de abril por la ma\u00f1ana. Y tal como se acord\u00f3 [&hellip;]<\/p>\n","protected":false},"author":1,"featured_media":0,"comment_status":"closed","ping_status":"open","sticky":false,"template":"","format":"standard","meta":{"_acf_changed":false,"footnotes":""},"categories":[107],"tags":[],"class_list":["post-2803","post","type-post","status-publish","format-standard","hentry","category-encuentros-de-jovenes"],"acf":[],"_links":{"self":[{"href":"https:\/\/xarxamaimes.org\/es\/wp-json\/wp\/v2\/posts\/2803","targetHints":{"allow":["GET"]}}],"collection":[{"href":"https:\/\/xarxamaimes.org\/es\/wp-json\/wp\/v2\/posts"}],"about":[{"href":"https:\/\/xarxamaimes.org\/es\/wp-json\/wp\/v2\/types\/post"}],"author":[{"embeddable":true,"href":"https:\/\/xarxamaimes.org\/es\/wp-json\/wp\/v2\/users\/1"}],"replies":[{"embeddable":true,"href":"https:\/\/xarxamaimes.org\/es\/wp-json\/wp\/v2\/comments?post=2803"}],"version-history":[{"count":5,"href":"https:\/\/xarxamaimes.org\/es\/wp-json\/wp\/v2\/posts\/2803\/revisions"}],"predecessor-version":[{"id":5037,"href":"https:\/\/xarxamaimes.org\/es\/wp-json\/wp\/v2\/posts\/2803\/revisions\/5037"}],"wp:attachment":[{"href":"https:\/\/xarxamaimes.org\/es\/wp-json\/wp\/v2\/media?parent=2803"}],"wp:term":[{"taxonomy":"category","embeddable":true,"href":"https:\/\/xarxamaimes.org\/es\/wp-json\/wp\/v2\/categories?post=2803"},{"taxonomy":"post_tag","embeddable":true,"href":"https:\/\/xarxamaimes.org\/es\/wp-json\/wp\/v2\/tags?post=2803"}],"curies":[{"name":"wp","href":"https:\/\/api.w.org\/{rel}","templated":true}]}}