{"id":5285,"date":"2021-01-25T15:20:48","date_gmt":"2021-01-25T13:20:48","guid":{"rendered":"http:\/\/xarxamaimes.org\/dia-oficial-de-la-memoria-de-lholocaust-i-la-prevencio-dels-crims-contra-la-humanitat\/"},"modified":"2025-12-17T18:51:16","modified_gmt":"2025-12-17T16:51:16","slug":"dia-oficial-de-la-memoria-de-lholocaust-i-la-prevencio-dels-crims-contra-la-humanitat","status":"publish","type":"post","link":"https:\/\/xarxamaimes.org\/es\/dia-oficial-de-la-memoria-de-lholocaust-i-la-prevencio-dels-crims-contra-la-humanitat\/","title":{"rendered":"D\u00eda Oficial de la Memoria del Holocausto y la Prevenci\u00f3n de los Cr\u00edmenes contra la Humanidad"},"content":{"rendered":"<div class=\"QmZWSe\">\n<div class=\"DHcWmd\">\n<div id=\"tw-target\">\n<div id=\"kAz1tf\" class=\"g9WsWb\">\n<div id=\"tw-target-text-container\" class=\"tw-ta-container hide-focus-ring tw-nfl\">\n<p id=\"tw-target-text\" class=\"tw-data-text tw-text-large XcVN5d tw-ta\" data-placeholder=\"Traducci\u00f3\">Consultad los actos programados para commemorar el D\u00eda Oficial de la Memoria del Holocausto y la Prevenci\u00f3n de los Cr\u00edmenes contra la Humanidad 2021 en la <em><a href=\"https:\/\/amical-mauthausen.org\/dia-oficial-de-la-memoria-de-lholocaust-i-la-prevencio-dels-crims-contra-la-humanitat\/\">web de la Amical de Mauthausen y otros campos<\/a><\/em><\/p>\n<\/div>\n<\/div>\n<\/div>\n<\/div>\n<\/div>\n<p>Consultad tambi\u00e9n el manifiesto de la Amical de Mauthausen y otros campos en el documento adjunto y participad en la iniciativa que est\u00e1n llevando a cabo los ayuntamientos vinculados a la Red Nunca M\u00e1s (encontrar\u00e9is m\u00e1s informaci\u00f3n en el documento adjunto).<\/p>\n<p>Pod\u00e9is tambi\u00e9n visualizar en esta p\u00e1gina fotograf\u00edas de los actos llevados a cabo por el Ayuntamiento de Castelldefels y el instituto Les Marines de esta localidad.<\/p>\n<p>&nbsp;<\/p>\n","protected":false},"excerpt":{"rendered":"<p>Consultad los actos programados para commemorar el D\u00eda Oficial de la Memoria del Holocausto y la Prevenci\u00f3n de los Cr\u00edmenes contra la Humanidad 2021 en la web de la Amical de Mauthausen y otros campos Consultad tambi\u00e9n el manifiesto de la Amical de Mauthausen y otros campos en el documento adjunto y participad en la [&hellip;]<\/p>\n","protected":false},"author":2,"featured_media":0,"comment_status":"closed","ping_status":"open","sticky":false,"template":"","format":"standard","meta":{"_acf_changed":false,"footnotes":""},"categories":[144,70],"tags":[],"class_list":["post-5285","post","type-post","status-publish","format-standard","hentry","category-actes-dels-ajuntaments-es","category-sin-categorizar"],"acf":[],"_links":{"self":[{"href":"https:\/\/xarxamaimes.org\/es\/wp-json\/wp\/v2\/posts\/5285","targetHints":{"allow":["GET"]}}],"collection":[{"href":"https:\/\/xarxamaimes.org\/es\/wp-json\/wp\/v2\/posts"}],"about":[{"href":"https:\/\/xarxamaimes.org\/es\/wp-json\/wp\/v2\/types\/post"}],"author":[{"embeddable":true,"href":"https:\/\/xarxamaimes.org\/es\/wp-json\/wp\/v2\/users\/2"}],"replies":[{"embeddable":true,"href":"https:\/\/xarxamaimes.org\/es\/wp-json\/wp\/v2\/comments?post=5285"}],"version-history":[{"count":10,"href":"https:\/\/xarxamaimes.org\/es\/wp-json\/wp\/v2\/posts\/5285\/revisions"}],"predecessor-version":[{"id":5326,"href":"https:\/\/xarxamaimes.org\/es\/wp-json\/wp\/v2\/posts\/5285\/revisions\/5326"}],"wp:attachment":[{"href":"https:\/\/xarxamaimes.org\/es\/wp-json\/wp\/v2\/media?parent=5285"}],"wp:term":[{"taxonomy":"category","embeddable":true,"href":"https:\/\/xarxamaimes.org\/es\/wp-json\/wp\/v2\/categories?post=5285"},{"taxonomy":"post_tag","embeddable":true,"href":"https:\/\/xarxamaimes.org\/es\/wp-json\/wp\/v2\/tags?post=5285"}],"curies":[{"name":"wp","href":"https:\/\/api.w.org\/{rel}","templated":true}]}}