{"id":6223,"date":"2022-12-15T13:19:40","date_gmt":"2022-12-15T11:19:40","guid":{"rendered":"https:\/\/xarxamaimes.org\/?p=6223"},"modified":"2025-12-17T18:51:15","modified_gmt":"2025-12-17T16:51:15","slug":"viii-encuentro-de-ayuntamientos-rubi-2022","status":"publish","type":"post","link":"https:\/\/xarxamaimes.org\/es\/viii-encuentro-de-ayuntamientos-rubi-2022\/","title":{"rendered":"VIII Encuentro de Ayuntamientos. Rub\u00ed, 2022"},"content":{"rendered":"<p><strong><u>VIII Encuentro de ayuntamientos de la Red de memoria y prevenci\u00f3n del fascismo \u201cNunca M\u00e1s\u201d<\/u><\/strong><\/p>\n<p>Organizado por la Amical y el Ayuntamiento de Rub\u00ed, el pasado 1 de diciembre se celebr\u00f3 este Encuentro, con la asistencia de 22 ayuntamientos y 2 consejos comarcales, con lo cual el n\u00famero de participantes sum\u00f3 a m\u00e1s de 60 personas, que acabaron la sesi\u00f3n con una comida fraternal y una visita a las 11 <em>stolpersteine<\/em> de la localidad.<\/p>\n<p>Se inici\u00f3 la jornada con el saludo de la Alcaldesa, Sra. Ana Mar\u00eda Mart\u00ednez, al que siguieron los de la Sra. Marta Morell, 2\u00aa teniente de alcalde de Sabadell, que mantiene el liderazgo de la Red hasta 2023, del Director del Programa de Memoria de la Diputaci\u00f3n de Barcelona, Sr. Francesc X. Men\u00e9ndez y del Presidente de la Amical, Sr. Juan M. Calvo.<\/p>\n<p>A continuaci\u00f3n, en nombre de la Amical, Josepa Gardenyes explic\u00f3 la actualizaci\u00f3n de los recursos puestos al servicio de ayuntamientos y centros educativos, destacando las novedades que aporta la exposici\u00f3n \u201cEspa\u00f1oles v\u00edctimas del nazismo\u201d y Juan M. Calvo puso en valor la colaboraci\u00f3n con la Diputaci\u00f3n de Barcelona para la realizaci\u00f3n de actividades entre los municipios de la Red Nunca M\u00e1s, explicando tambi\u00e9n\u00a0 la inclusi\u00f3n de t\u00e9cnicos municipales en el pr\u00f3ximo viaje de la Amical a los actos de liberaci\u00f3n del campo de Mauthausen.<\/p>\n<p>Sigui\u00f3 la ponencia marco: \u00abLa Ley de Memoria Democr\u00e1tica desde una perspectiva municipalista\u00bb a cargo del Director General de Memoria Democr\u00e1tica del Gobierno de Espa\u00f1a, Sr. Diego Bl\u00e1zquez. Explic\u00f3 la g\u00e9nesis de la ley y sus antecedentes desde 1976, con especiales comentarios a la Ley Zapatero de 2007 y referencias al proceso de internacionalizaci\u00f3n de las pol\u00edticas de memoria desde los a\u00f1os 90, y se explay\u00f3 en la relaci\u00f3n entre los procesos auton\u00f3micos y locales y las leyes estatales. Actualmente de las 17 CCAA, 13 disponen de leyes propias, con las singularidades de cada territorio, que permiten la subsidiareidad y colaboraci\u00f3n entre las administraciones, dado que la Memoria Democr\u00e1tica es una competencia transversal. Al final de su intervenci\u00f3n aclar\u00f3 diversas cuestiones que plantearon algunas de las personas asistentes.<\/p>\n<p>Despu\u00e9s de un breve descanso, la sesi\u00f3n prosigui\u00f3 con la presentaci\u00f3n de experiencias municipales: Castelldefels (Alfonso Borgo\u00f1oz, \u201cPatrimonio y Brigadistas Internacionales\u201d);\u00a0 Ginestar (Francesc Sabater, \u201cHomenaje a un deportado local\u201d); Santa Coloma de Gramenet (Josep Llu\u00eds S\u00e1nchez, \u201cJ\u00f3venes por la Paz en Buchenwald\u201d); Manresa (Josep Castilla, \u201cObjetivos y organizaci\u00f3n del viaje anual a Mauthausen\u201d); y Rub\u00ed (Joan Gallisa, \u201cAcciones de la Concejal\u00eda de Memoria Hist\u00f3rica\u201d) quien, como conductor del encuentro, anunci\u00f3 la celebraci\u00f3n del IX Encuentro en la localidad de Cerdanyola el 23 de noviembre del pr\u00f3ximo a\u00f1o.<\/p>\n<p>La jornada concluy\u00f3 con las palabras de la Concejala de Memoria Hist\u00f3rica, Sra. Helena Montesinos, quien agradeci\u00f3 la confianza puesta en Rub\u00ed para la organizaci\u00f3n del Encuentro y reconoci\u00f3 el trabajo realizado por nuestra asociaci\u00f3n.<\/p>\n","protected":false},"excerpt":{"rendered":"<p>VIII Encuentro de ayuntamientos de la Red de memoria y prevenci\u00f3n del fascismo \u201cNunca M\u00e1s\u201d Organizado por la Amical y el Ayuntamiento de Rub\u00ed, el pasado 1 de diciembre se celebr\u00f3 este Encuentro, con la asistencia de 22 ayuntamientos y 2 consejos comarcales, con lo cual el n\u00famero de participantes sum\u00f3 a m\u00e1s de 60 [&hellip;]<\/p>\n","protected":false},"author":2,"featured_media":0,"comment_status":"closed","ping_status":"open","sticky":false,"template":"","format":"standard","meta":{"_acf_changed":false,"footnotes":""},"categories":[108],"tags":[],"class_list":["post-6223","post","type-post","status-publish","format-standard","hentry","category-encuentros-de-ayuntamientos"],"acf":[],"_links":{"self":[{"href":"https:\/\/xarxamaimes.org\/es\/wp-json\/wp\/v2\/posts\/6223","targetHints":{"allow":["GET"]}}],"collection":[{"href":"https:\/\/xarxamaimes.org\/es\/wp-json\/wp\/v2\/posts"}],"about":[{"href":"https:\/\/xarxamaimes.org\/es\/wp-json\/wp\/v2\/types\/post"}],"author":[{"embeddable":true,"href":"https:\/\/xarxamaimes.org\/es\/wp-json\/wp\/v2\/users\/2"}],"replies":[{"embeddable":true,"href":"https:\/\/xarxamaimes.org\/es\/wp-json\/wp\/v2\/comments?post=6223"}],"version-history":[{"count":3,"href":"https:\/\/xarxamaimes.org\/es\/wp-json\/wp\/v2\/posts\/6223\/revisions"}],"predecessor-version":[{"id":6260,"href":"https:\/\/xarxamaimes.org\/es\/wp-json\/wp\/v2\/posts\/6223\/revisions\/6260"}],"wp:attachment":[{"href":"https:\/\/xarxamaimes.org\/es\/wp-json\/wp\/v2\/media?parent=6223"}],"wp:term":[{"taxonomy":"category","embeddable":true,"href":"https:\/\/xarxamaimes.org\/es\/wp-json\/wp\/v2\/categories?post=6223"},{"taxonomy":"post_tag","embeddable":true,"href":"https:\/\/xarxamaimes.org\/es\/wp-json\/wp\/v2\/tags?post=6223"}],"curies":[{"name":"wp","href":"https:\/\/api.w.org\/{rel}","templated":true}]}}