{"id":6305,"date":"2023-06-28T18:09:24","date_gmt":"2023-06-28T16:09:24","guid":{"rendered":"https:\/\/xarxamaimes.org\/?p=6305"},"modified":"2025-12-17T18:51:14","modified_gmt":"2025-12-17T16:51:14","slug":"ganadores-ii-premio-amical-de-mauthausen-y-otros-campos-en-memoria-de-la-deportacion-republicana","status":"publish","type":"post","link":"https:\/\/xarxamaimes.org\/es\/ganadores-ii-premio-amical-de-mauthausen-y-otros-campos-en-memoria-de-la-deportacion-republicana\/","title":{"rendered":"GANADORES II PREMIO AMICAL DE MAUTHAUSEN Y OTROS CAMPOS EN MEMORIA DE LA DEPORTACI\u00d3N REPUBLICANA"},"content":{"rendered":"<p><strong>La alumna Isabel Fern\u00e1ndez Cobano del Colegio Joyfe de Madrid y el alumno Julen Fern\u00e1ndez da Silva del INS Pere Fontdevila de Gironella (Barcelona) han sido los ganadores del II Premio Amical de Mauthausen y otros campos en memoria de la deportaci\u00f3n.<\/strong><\/p>\n<p>La Amical de Mauthausen ha otorgado este mes de mayo su II Premio Amical de Mauthausen y otros campos en memoria de la deportaci\u00f3n republicana, en las modalidades de creaci\u00f3n literaria Montserrat Roig y de fotograf\u00eda y creaci\u00f3n art\u00edstica Francesc Boix, al que han concurrido numerosos j\u00f3venes de todo el Estado.<\/p>\n<p>El premio Francesc Boix a la mejor creaci\u00f3n art\u00edstica se lo llev\u00f3 el alumno Julen Fern\u00e1ndez da Silva, que hizo un collage inspirado en el poema\u00a0<em>Els gira-sols<\/em>, de Joaquim Amat-Piniella, superviviente del campo de Mauthausen.<\/p>\n<p>El premio Montserrat Roig a la creaci\u00f3n literaria ha sido para Isabel Fern\u00e1ndez Cobano, quien realiz\u00f3 una composici\u00f3n a partir de la narraci\u00f3n de cuatro historias que se desarrollan en el contexto de la Segunda Guerra Mundial y los campos nazis.<\/p>\n<p>El mi\u00e9rcoles 21 de junio se hizo el acto de entrega de los premios: un aparato electr\u00f3nico por valor de 400 \u20ac y un diploma de reconocimiento, y sus trabajos estar\u00e1n colgados en la web de la\u00a0<a href=\"https:\/\/amical-mauthausen.org\/educacion\/premio-amical-de-mauthausen\/\" target=\"_blank\" rel=\"noopener\">Amical de Mauthausen<\/a>\u00a0y de la\u00a0<a href=\"https:\/\/xarxamaimes.org\/es\/joves\/premis\/\" target=\"_blank\" rel=\"noopener\">Red Nunca M\u00e1s<\/a>.<\/p>\n","protected":false},"excerpt":{"rendered":"<p>La alumna Isabel Fern\u00e1ndez Cobano del Colegio Joyfe de Madrid y el alumno Julen Fern\u00e1ndez da Silva del INS Pere Fontdevila de Gironella (Barcelona) han sido los ganadores del II Premio Amical de Mauthausen y otros campos en memoria de la deportaci\u00f3n. La Amical de Mauthausen ha otorgado este mes de mayo su II Premio [&hellip;]<\/p>\n","protected":false},"author":2,"featured_media":0,"comment_status":"closed","ping_status":"open","sticky":false,"template":"","format":"standard","meta":{"_acf_changed":false,"footnotes":""},"categories":[161],"tags":[],"class_list":["post-6305","post","type-post","status-publish","format-standard","hentry","category-premios"],"acf":[],"_links":{"self":[{"href":"https:\/\/xarxamaimes.org\/es\/wp-json\/wp\/v2\/posts\/6305","targetHints":{"allow":["GET"]}}],"collection":[{"href":"https:\/\/xarxamaimes.org\/es\/wp-json\/wp\/v2\/posts"}],"about":[{"href":"https:\/\/xarxamaimes.org\/es\/wp-json\/wp\/v2\/types\/post"}],"author":[{"embeddable":true,"href":"https:\/\/xarxamaimes.org\/es\/wp-json\/wp\/v2\/users\/2"}],"replies":[{"embeddable":true,"href":"https:\/\/xarxamaimes.org\/es\/wp-json\/wp\/v2\/comments?post=6305"}],"version-history":[{"count":1,"href":"https:\/\/xarxamaimes.org\/es\/wp-json\/wp\/v2\/posts\/6305\/revisions"}],"predecessor-version":[{"id":6306,"href":"https:\/\/xarxamaimes.org\/es\/wp-json\/wp\/v2\/posts\/6305\/revisions\/6306"}],"wp:attachment":[{"href":"https:\/\/xarxamaimes.org\/es\/wp-json\/wp\/v2\/media?parent=6305"}],"wp:term":[{"taxonomy":"category","embeddable":true,"href":"https:\/\/xarxamaimes.org\/es\/wp-json\/wp\/v2\/categories?post=6305"},{"taxonomy":"post_tag","embeddable":true,"href":"https:\/\/xarxamaimes.org\/es\/wp-json\/wp\/v2\/tags?post=6305"}],"curies":[{"name":"wp","href":"https:\/\/api.w.org\/{rel}","templated":true}]}}